{"id":4354,"date":"2024-01-23T15:57:41","date_gmt":"2024-01-23T13:57:41","guid":{"rendered":"http:\/\/orl-chu-caen.fr\/?p=4354"},"modified":"2024-02-07T08:25:41","modified_gmt":"2024-02-07T06:25:41","slug":"otoforum-de-rennes","status":"publish","type":"post","link":"https:\/\/orl-chu-caen.fr\/?p=4354","title":{"rendered":"Otoforum de Rennes"},"content":{"rendered":"<p>Le service ORL du CHU de Caen \u00e9tait pr\u00e9sent au 12\u00e8me Otoforum qui s&rsquo;est tenu derni\u00e8rement \u00e0 Rennes. Ce congr\u00e8s qui a lieu tous les deux ans, rassemble les professionnels intervenants dans le diagnostic et les traitements des maladies de l&rsquo;oreille, de la surdit\u00e9, des vertiges et de la paralysie faciale.<\/p>\n<p>Le service ORL de Caen a en particulier \u00e9t\u00e9 invit\u00e9 \u00e0 parler du diagnostic et de la prise en charge des d\u00e9hiscences de l&rsquo;oreille interne, \u00e9galement appel\u00e9 \u00ab\u00a03\u00e8me fen\u00eatre\u00a0\u00bb. Ces troisi\u00e8mes fen\u00eatres entrainent des baisses d&rsquo;audition et des vertiges particuliers. Le service ORL du CHU de Caen et le service de neuroradiologie interventionnelle du CHU de Caen ont en effet mis au point un traitement endovasculaire permettant de soulager les sympt\u00f4mes dans certains cas de 3\u00e8me fen\u00eatre.<\/p>\n<p><a href=\"http:\/\/http:www.otoforum2023.fr\/programme!fr\">http:www.otoforum2023.fr\/programme!fr<\/a><\/p>\n<p><img loading=\"lazy\" decoding=\"async\" class=\"alignleft size-full wp-image-4355\" src=\"https:\/\/orl-chu-caen.fr\/wp-content\/uploads\/2024\/01\/Otoforum-2023.jpg\" alt=\"Otoforum-2023\" width=\"870\" height=\"558\"><\/p>\n","protected":false},"excerpt":{"rendered":"<p>Le service ORL du CHU de Caen \u00e9tait pr\u00e9sent au 12\u00e8me Otoforum qui s&rsquo;est tenu derni\u00e8rement \u00e0 Rennes. Ce congr\u00e8s qui a lieu tous les deux ans, rassemble les professionnels intervenants dans le diagnostic et les traitements des maladies de l&rsquo;oreille, de la surdit\u00e9, des vertiges et de la paralysie faciale. Le service ORL de [&hellip;]<\/p>\n","protected":false},"author":1,"featured_media":0,"comment_status":"closed","ping_status":"open","sticky":false,"template":"","format":"standard","meta":{"_et_pb_use_builder":"","_et_pb_old_content":"","_et_gb_content_width":"","ngg_post_thumbnail":0,"footnotes":""},"categories":[1],"tags":[],"aioseo_notices":[],"_links":{"self":[{"href":"https:\/\/orl-chu-caen.fr\/index.php?rest_route=\/wp\/v2\/posts\/4354"}],"collection":[{"href":"https:\/\/orl-chu-caen.fr\/index.php?rest_route=\/wp\/v2\/posts"}],"about":[{"href":"https:\/\/orl-chu-caen.fr\/index.php?rest_route=\/wp\/v2\/types\/post"}],"author":[{"embeddable":true,"href":"https:\/\/orl-chu-caen.fr\/index.php?rest_route=\/wp\/v2\/users\/1"}],"replies":[{"embeddable":true,"href":"https:\/\/orl-chu-caen.fr\/index.php?rest_route=%2Fwp%2Fv2%2Fcomments&post=4354"}],"version-history":[{"count":4,"href":"https:\/\/orl-chu-caen.fr\/index.php?rest_route=\/wp\/v2\/posts\/4354\/revisions"}],"predecessor-version":[{"id":4363,"href":"https:\/\/orl-chu-caen.fr\/index.php?rest_route=\/wp\/v2\/posts\/4354\/revisions\/4363"}],"wp:attachment":[{"href":"https:\/\/orl-chu-caen.fr\/index.php?rest_route=%2Fwp%2Fv2%2Fmedia&parent=4354"}],"wp:term":[{"taxonomy":"category","embeddable":true,"href":"https:\/\/orl-chu-caen.fr\/index.php?rest_route=%2Fwp%2Fv2%2Fcategories&post=4354"},{"taxonomy":"post_tag","embeddable":true,"href":"https:\/\/orl-chu-caen.fr\/index.php?rest_route=%2Fwp%2Fv2%2Ftags&post=4354"}],"curies":[{"name":"wp","href":"https:\/\/api.w.org\/{rel}","templated":true}]}}