{"id":4281,"date":"2023-10-05T18:22:18","date_gmt":"2023-10-05T16:22:18","guid":{"rendered":"http:\/\/orl-chu-caen.fr\/?p=4281"},"modified":"2023-10-05T18:23:04","modified_gmt":"2023-10-05T16:23:04","slug":"epu-sur-la-prise-en-charge-de-la-paralysie-faciale","status":"publish","type":"post","link":"https:\/\/orl-chu-caen.fr\/?p=4281","title":{"rendered":"EPU sur la PRISE EN CHARGE DE LA PARALYSIE FACIALE"},"content":{"rendered":"<div dir=\"ltr\">&nbsp;<\/div>\n<p>L&rsquo;\u00e9quipe Pluridisciplinaire de Prise en Charge de la Paralysie Faciale du CHU de Caen vous accueille pour une EPU le jeudi <b>16 novembre<\/b> prochain. Elle vous montrera&nbsp; l&rsquo;apport des diff\u00e9rentes sp\u00e9cialit\u00e9s m\u00e9dicales et param\u00e9dicales dans la prise en charge des patients. Cet \u00e9v\u00e8nement sera aussi l&rsquo;occasion de rencontrer les coll\u00e8gues d&rsquo;autres sp\u00e9cialit\u00e9s concern\u00e9s par la prise en charge des paralysies faciales.<\/p>\n<div dir=\"ltr\">&nbsp;<\/div>\n<div dir=\"ltr\">&nbsp;<img loading=\"lazy\" decoding=\"async\" class=\"alignleft size-full wp-image-4283\" src=\"https:\/\/orl-chu-caen.fr\/wp-content\/uploads\/2023\/10\/1696509698701blob.png\" alt=\"1696509698701blob\" width=\"546\" height=\"794\" srcset=\"https:\/\/orl-chu-caen.fr\/wp-content\/uploads\/2023\/10\/1696509698701blob.png 546w, https:\/\/orl-chu-caen.fr\/wp-content\/uploads\/2023\/10\/1696509698701blob-206x300.png 206w\" sizes=\"(max-width: 546px) 100vw, 546px\" \/><\/div>\n","protected":false},"excerpt":{"rendered":"<p>&nbsp; L&rsquo;\u00e9quipe Pluridisciplinaire de Prise en Charge de la Paralysie Faciale du CHU de Caen vous accueille pour une EPU le jeudi 16 novembre prochain. Elle vous montrera&nbsp; l&rsquo;apport des diff\u00e9rentes sp\u00e9cialit\u00e9s m\u00e9dicales et param\u00e9dicales dans la prise en charge des patients. Cet \u00e9v\u00e8nement sera aussi l&rsquo;occasion de rencontrer les coll\u00e8gues d&rsquo;autres sp\u00e9cialit\u00e9s concern\u00e9s par [&hellip;]<\/p>\n","protected":false},"author":1,"featured_media":4285,"comment_status":"closed","ping_status":"open","sticky":false,"template":"","format":"standard","meta":{"_et_pb_use_builder":"","_et_pb_old_content":"","_et_gb_content_width":"","ngg_post_thumbnail":0,"footnotes":""},"categories":[1],"tags":[],"aioseo_notices":[],"_links":{"self":[{"href":"https:\/\/orl-chu-caen.fr\/index.php?rest_route=\/wp\/v2\/posts\/4281"}],"collection":[{"href":"https:\/\/orl-chu-caen.fr\/index.php?rest_route=\/wp\/v2\/posts"}],"about":[{"href":"https:\/\/orl-chu-caen.fr\/index.php?rest_route=\/wp\/v2\/types\/post"}],"author":[{"embeddable":true,"href":"https:\/\/orl-chu-caen.fr\/index.php?rest_route=\/wp\/v2\/users\/1"}],"replies":[{"embeddable":true,"href":"https:\/\/orl-chu-caen.fr\/index.php?rest_route=%2Fwp%2Fv2%2Fcomments&post=4281"}],"version-history":[{"count":2,"href":"https:\/\/orl-chu-caen.fr\/index.php?rest_route=\/wp\/v2\/posts\/4281\/revisions"}],"predecessor-version":[{"id":4284,"href":"https:\/\/orl-chu-caen.fr\/index.php?rest_route=\/wp\/v2\/posts\/4281\/revisions\/4284"}],"wp:featuredmedia":[{"embeddable":true,"href":"https:\/\/orl-chu-caen.fr\/index.php?rest_route=\/wp\/v2\/media\/4285"}],"wp:attachment":[{"href":"https:\/\/orl-chu-caen.fr\/index.php?rest_route=%2Fwp%2Fv2%2Fmedia&parent=4281"}],"wp:term":[{"taxonomy":"category","embeddable":true,"href":"https:\/\/orl-chu-caen.fr\/index.php?rest_route=%2Fwp%2Fv2%2Fcategories&post=4281"},{"taxonomy":"post_tag","embeddable":true,"href":"https:\/\/orl-chu-caen.fr\/index.php?rest_route=%2Fwp%2Fv2%2Ftags&post=4281"}],"curies":[{"name":"wp","href":"https:\/\/api.w.org\/{rel}","templated":true}]}}