{"id":4279,"date":"2023-12-17T15:43:06","date_gmt":"2023-12-17T13:43:06","guid":{"rendered":"http:\/\/orl-chu-caen.fr\/?p=4279"},"modified":"2023-12-23T08:01:48","modified_gmt":"2023-12-23T06:01:48","slug":"caen-hands-on-2024-13-17-mai-2024-rhinoplastie-facelift-chirurgie-endonasale","status":"publish","type":"post","link":"https:\/\/orl-chu-caen.fr\/?p=4279","title":{"rendered":"CAEN HANDS-ON 2024 13-17 MAI 2024 RHINOPLASTIE-FACELIFT-CHIRURGIE ENDONASALE"},"content":{"rendered":"<p><img loading=\"lazy\" decoding=\"async\" class=\"alignleft size-large wp-image-4326\" src=\"https:\/\/orl-chu-caen.fr\/wp-content\/uploads\/2023\/12\/caen-hands-on-dec-PASACALI-1024x575.png\" alt=\"caen hands on dec PASACALI\" width=\"1024\" height=\"575\" srcset=\"https:\/\/orl-chu-caen.fr\/wp-content\/uploads\/2023\/12\/caen-hands-on-dec-PASACALI-1024x575.png 1024w, https:\/\/orl-chu-caen.fr\/wp-content\/uploads\/2023\/12\/caen-hands-on-dec-PASACALI-300x168.png 300w, https:\/\/orl-chu-caen.fr\/wp-content\/uploads\/2023\/12\/caen-hands-on-dec-PASACALI-768x431.png 768w, https:\/\/orl-chu-caen.fr\/wp-content\/uploads\/2023\/12\/caen-hands-on-dec-PASACALI-196x110.png 196w\" sizes=\"(max-width: 1024px) 100vw, 1024px\" \/><\/p>\n<p>&nbsp;<\/p>\n<p>&nbsp;<\/p>\n<p>&nbsp;<\/p>\n<p>Du 13 au 17 mai 2024 se tiendra \u00e0 l&rsquo;Ecole de Chirurgie de Caen le 4\u00e8me \u00e9dition du CAEN HANDS-ON RHINOPLASTY AND FACELIFT organis\u00e9 conjointement avec <a href=\"https:\/\/eafps.org\/\">L\u2019European Academy of Facial Plastic Surgery <\/a>(EAFPS). Le Dr <a href=\"https:\/\/orl-chu-caen.fr\/?staff=dr-vincent-patron\">Vincent PATRON<\/a>,&nbsp; le Professeur Martin <a href=\"https:\/\/orl-chu-caen.fr\/?staff=dr-martin-hitier\">HITIER<\/a> et le Dr Rachid GARMI du CHU de Caen&nbsp; co-dirigeront avec le <a href=\"https:\/\/www.yves-saban.com\/\">Dr Yves SABAN<\/a> (Nice) responsable p\u00e9dagogique et tr\u00e9sorier de l\u2019EAFPS et le <a href=\"https:\/\/londonentassociates.org\/mr-alwyn-dsouza\/\">Pr. Alwyn D\u2019Souza<\/a> (Londres), Immediate Past Pr\u00e9sident de L\u2019EAFPS ce colloque d\u2019anatomie appliqu\u00e9 de Rhinoplastie et de Lifting cervico-faciaux devant des participants du monde entier.<\/p>\n<p>[spacer size=\u00a0\u00bb20&Prime;]<\/p>\n<p>Il sera encadr\u00e9 par des chirurgiens de renomm\u00e9e internationale tels que le Dr <a href=\"https:\/\/excellence-esthetique.fr\/fr\/dr-gerbault\/\">Olivier GERBAULT<\/a>, le Dr&nbsp;&nbsp; Dr <a href=\"https:\/\/www.rhinoplasticien.fr\/\">Guillaume CARLES<\/a>, le <a href=\"https:\/\/rhinoplastie-france.org\/\">Dr Thomas TRUONG<\/a> et le<a href=\"https:\/\/docteurlange.com\/\"> Dr Fr\u00e9d\u00e9ric LANGE<\/a>.<\/p>\n<p>Cette ann\u00e9e la session FACELIFT aura le privil\u00e8ge d&rsquo;accueillir le <a href=\"https:\/\/www.michelepascali.it\/\">Dr&nbsp; Michele PASCALI<\/a> comme Invit\u00e9 d&rsquo;honneur.<\/p>\n<p>[spacer size=\u00a0\u00bb20&Prime;]<\/p>\n<p>Enfin Une session sp\u00e9ciale de CHIRURGIE ENDOSCOPIQUE ENDONASALE aura lieu les 16 et 17 mai et accueillera 3 experts internationalement reconnus.<\/p>\n<p>Le <a href=\"https:\/\/samarhinoplasty-com.translate.goog\/?_x_tr_sl=en&amp;_x_tr_tl=fr&amp;_x_tr_hl=fr&amp;_x_tr_pto=tc\">Pr Anshul SAMA<\/a>, responsable du d\u00e9partement de Chirurgie Endoscopique Endonasale et de Base du Cr\u00e2ne de Nottingham , et directeur du cours <a href=\"https:\/\/www.entuk.org\/events\/170\/12th_advanced_frontal_sinus_surgery_course\/\">\u00ab\u00a0Advanced Frontal Sinus Surgery Course\u00a0\u00bb<\/a><\/p>\n<p>Le <a href=\"https:\/\/shahzahmed-com.translate.goog\/?_x_tr_sl=en&amp;_x_tr_tl=fr&amp;_x_tr_hl=fr&amp;_x_tr_pto=tc\">Dr Shaz AHMED<\/a>, Expert de renomm\u00e9e mondiale en chirurgie Endscopique Endonasale&nbsp; et de la Base du Cr\u00e2ne \u00e0 Birmingham<\/p>\n<p>Le <a href=\"https:\/\/www.miodottore.it\/apostolos-karligkiotis\/otorino\/varese?utm_source=google&amp;utm_medium=gmb&amp;utm_campaign=518102&amp;utm_content=website\">Dr Apostolos KARLIGKIOTIS,<\/a> Expert reconnu internationalement en Chirurgie Endoscopique Endonasale et de la Base du Cr\u00e2ne \u00e0 Varese<\/p>\n<p>[spacer size=\u00a0\u00bb20&Prime;]<\/p>\n<p>Nous sommes enchant\u00e9s de retrouver cette belle \u00e9quipe, d&rsquo;accueillir de nouveau chirurgiens talentueux et de pouvoir tous ensemble vous transmettre notre savoir lors de ces 5 jours intensifs de dissections et de discussions.<\/p>\n<p>Renseignements et inscriptions \u00e0 : <a href=\"mailto:nice.evenement@gmail.com\">nice.evenement@gmail.com<\/a><\/p>\n<p>&nbsp;<\/p>\n<p>Ci-joint les d\u00e9tails du cours: <a href=\"https:\/\/orl-chu-caen.fr\/wp-content\/uploads\/2023\/12\/Flyer-CAEN-Mai-2024-2.pdf\">cliquez ici<\/a><\/p>\n<p>&nbsp;<\/p>\n<p>The 4th edition of the CAEN HANDS-ON RHINOPLASY AND FACELIFT, organised jointly with the European Academy of Facial Plastic Surgery (EAFPS), will be held at the Caen School of Surgery from 13 to 17 May 2024. Dr Vincent PATRON, Professor HITIER and Dr Garmi from Caen University Hospital will be co-directing this applied anatomy symposium on Rhinoplasty and Facelift with Dr SABAN (Nice), EAFPS teaching manager, and Prof Alwyn D&rsquo;Souza (London), Immediate Past President of EAFPS, in front of participants from all over the world.<\/p>\n<p>[spacer size=\u00a0\u00bb20&Prime;]<\/p>\n<p>It will be led by internationally renowned surgeons such as <a href=\"https:\/\/excellence-esthetique.fr\/fr\/dr-gerbault\/\">Dr Olivier GERBAULT<\/a>, <a href=\"http:\/\/www.rhinoplasticien.fr\/\">Dr Guillaume CARLES<\/a>, Dr Thomas TRUONG and <a href=\"https:\/\/docteurlange.com\/\">Dr Frederic LANGE<\/a>;<\/p>\n<p>This year the FACELIFT session will have the privilege of welcoming <a href=\"https:\/\/www.michelepascali.it\/\">Dr Michele PASCALI <\/a>as Guest of Honour.<\/p>\n<p>[spacer size=\u00a0\u00bb20&Prime;]<\/p>\n<p>Finally, a special session on ENDOSCOPIC ENDONASAL SURGERY will be held on 16 and 17 May and will welcome 3 internationally renowned experts.<\/p>\n<p><a href=\"https:\/\/samarhinoplasty.com\/\">Professor Anshul SAMA<\/a>, Head of the Department of Endoscopic Endonasal and Skull Base Surgery at Nottingham University, and Director of the Advanced Frontal Sinus Surgery Course.<\/p>\n<p><a href=\"https:\/\/shahzahmed.com\/\">Dr Shaz AHMED<\/a>, World Leading Expert in Endoscopic Endonasal and Skull Base Surgery in Birmingham<\/p>\n<p><a href=\"https:\/\/www.miodottore.it\/apostolos-karligkiotis\/otorino\/varese?utm_source=google&amp;utm_medium=gmb&amp;utm_campaign=518102&amp;utm_content=website\">Dr Apostolos KARLIGKIOTIS,<\/a> Internationaly Renowned Expert in Endoscopic Endonasal and Skull Base Surgery in Varese<\/p>\n<p>[spacer size=\u00a0\u00bb20&Prime;]<\/p>\n<p>We&rsquo;re delighted to be back with this great team, to welcome new talented surgeons and to be able to share our knowledge with you over 5 intensive days of dissections and discussions.<\/p>\n<p>Information and registration at: nice.evenement@gmail.com<br \/>\nDetails of the course are attached: <a href=\"https:\/\/orl-chu-caen.fr\/wp-content\/uploads\/2023\/12\/Flyer-CAEN-Mai-2024-2.pdf\">click here<\/a><\/p>\n<p>&nbsp;<\/p>\n<p>&nbsp;<\/p>\n<p>&nbsp;<\/p>\n","protected":false},"excerpt":{"rendered":"<p>&nbsp; &nbsp; &nbsp; Du 13 au 17 mai 2024 se tiendra \u00e0 l&rsquo;Ecole de Chirurgie de Caen le 4\u00e8me \u00e9dition du CAEN HANDS-ON RHINOPLASTY AND FACELIFT organis\u00e9 conjointement avec L\u2019European Academy of Facial Plastic Surgery (EAFPS). Le Dr Vincent PATRON,&nbsp; le Professeur Martin HITIER et le Dr Rachid GARMI du CHU de Caen&nbsp; co-dirigeront avec [&hellip;]<\/p>\n","protected":false},"author":1,"featured_media":4317,"comment_status":"closed","ping_status":"open","sticky":false,"template":"","format":"standard","meta":{"_et_pb_use_builder":"","_et_pb_old_content":"","_et_gb_content_width":"","ngg_post_thumbnail":0,"footnotes":""},"categories":[7,1],"tags":[],"aioseo_notices":[],"_links":{"self":[{"href":"https:\/\/orl-chu-caen.fr\/index.php?rest_route=\/wp\/v2\/posts\/4279"}],"collection":[{"href":"https:\/\/orl-chu-caen.fr\/index.php?rest_route=\/wp\/v2\/posts"}],"about":[{"href":"https:\/\/orl-chu-caen.fr\/index.php?rest_route=\/wp\/v2\/types\/post"}],"author":[{"embeddable":true,"href":"https:\/\/orl-chu-caen.fr\/index.php?rest_route=\/wp\/v2\/users\/1"}],"replies":[{"embeddable":true,"href":"https:\/\/orl-chu-caen.fr\/index.php?rest_route=%2Fwp%2Fv2%2Fcomments&post=4279"}],"version-history":[{"count":13,"href":"https:\/\/orl-chu-caen.fr\/index.php?rest_route=\/wp\/v2\/posts\/4279\/revisions"}],"predecessor-version":[{"id":4332,"href":"https:\/\/orl-chu-caen.fr\/index.php?rest_route=\/wp\/v2\/posts\/4279\/revisions\/4332"}],"wp:featuredmedia":[{"embeddable":true,"href":"https:\/\/orl-chu-caen.fr\/index.php?rest_route=\/wp\/v2\/media\/4317"}],"wp:attachment":[{"href":"https:\/\/orl-chu-caen.fr\/index.php?rest_route=%2Fwp%2Fv2%2Fmedia&parent=4279"}],"wp:term":[{"taxonomy":"category","embeddable":true,"href":"https:\/\/orl-chu-caen.fr\/index.php?rest_route=%2Fwp%2Fv2%2Fcategories&post=4279"},{"taxonomy":"post_tag","embeddable":true,"href":"https:\/\/orl-chu-caen.fr\/index.php?rest_route=%2Fwp%2Fv2%2Ftags&post=4279"}],"curies":[{"name":"wp","href":"https:\/\/api.w.org\/{rel}","templated":true}]}}