{"id":2961,"date":"2018-12-01T18:17:20","date_gmt":"2018-12-01T16:17:20","guid":{"rendered":"http:\/\/orl-chu-caen.fr\/?p=2961"},"modified":"2018-12-01T18:17:20","modified_gmt":"2018-12-01T16:17:20","slug":"otoforum-2018-abord-chirurgical-de-lapex-petreux","status":"publish","type":"post","link":"https:\/\/orl-chu-caen.fr\/?p=2961","title":{"rendered":"Otoforum 2018 : Abord chirurgical de l&rsquo;Apex p\u00e9treux"},"content":{"rendered":"<p>Le service ORL du CHU de Caen \u00e9tait invit\u00e9 au congr\u00e8s national Otoforum pour parler de la chirurgie de l&rsquo;apex p\u00e9treux. Il s&rsquo;agit d&rsquo;une r\u00e9gion difficile d\u2019acc\u00e8s car situ\u00e9e en profondeur de la base du cr\u00e2ne et entour\u00e9e par l&rsquo;oreille interne, les nerfs de l&rsquo;audition et de l\u2019\u00e9quilibre, les nerfs de la sensibilit\u00e9 et de la motricit\u00e9 du visage,&nbsp; et le cerveau. Le service ORL de Caen a en particulier pr\u00e9sent\u00e9 la technique micro-endoscopique qui , par rapport aux techniques microscopiques classiques, permet de traiter les tumeurs de l&rsquo;apex p\u00e9treux en pr\u00e9servant au mieux les structures environnantes.<\/p>\n<p>Cette technique innovante a \u00e9t\u00e9 r\u00e9cemment d\u00e9crite dans les Annales Europ\u00e9enne d&rsquo;ORL par l&rsquo;\u00e9quipe du CHU de Caen.<\/p>\n<p><a href=\"https:\/\/doi.org\/10.1016\/j.anorl.2018.06.002\">https:\/\/www-sciencedirect-com.gate2.inist.fr\/science\/article\/pii\/S1879729618300942?via%3Dihub<\/a><\/p>\n<p><a href=\"https:\/\/orl-chu-caen.fr\/?attachment_id=2972\" rel=\"attachment wp-att-2972\"><img loading=\"lazy\" decoding=\"async\" class=\"aligncenter size-full wp-image-2972\" src=\"https:\/\/orl-chu-caen.fr\/wp-content\/uploads\/2018\/12\/Image-bloc-Apex-orl-CHU-Caen.jpg\" alt=\"Image bloc Apex orl CHU Caen\" width=\"5472\" height=\"3072\" srcset=\"https:\/\/orl-chu-caen.fr\/wp-content\/uploads\/2018\/12\/Image-bloc-Apex-orl-CHU-Caen.jpg 5472w, https:\/\/orl-chu-caen.fr\/wp-content\/uploads\/2018\/12\/Image-bloc-Apex-orl-CHU-Caen-300x168.jpg 300w, https:\/\/orl-chu-caen.fr\/wp-content\/uploads\/2018\/12\/Image-bloc-Apex-orl-CHU-Caen-768x431.jpg 768w, https:\/\/orl-chu-caen.fr\/wp-content\/uploads\/2018\/12\/Image-bloc-Apex-orl-CHU-Caen-1024x575.jpg 1024w, https:\/\/orl-chu-caen.fr\/wp-content\/uploads\/2018\/12\/Image-bloc-Apex-orl-CHU-Caen-196x110.jpg 196w\" sizes=\"(max-width: 5472px) 100vw, 5472px\" \/><\/a><\/p>\n<p>&nbsp;<\/p>\n<p>&nbsp;<\/p>\n<p>&nbsp;<a href=\"https:\/\/orl-chu-caen.fr\/?attachment_id=2963\" rel=\"attachment wp-att-2963\"><img loading=\"lazy\" decoding=\"async\" class=\"aligncenter size-full wp-image-2963\" src=\"https:\/\/orl-chu-caen.fr\/wp-content\/uploads\/2018\/12\/schema_01_3.jpg\" alt=\"schema_01_3\" width=\"1451\" height=\"1406\" srcset=\"https:\/\/orl-chu-caen.fr\/wp-content\/uploads\/2018\/12\/schema_01_3.jpg 1451w, https:\/\/orl-chu-caen.fr\/wp-content\/uploads\/2018\/12\/schema_01_3-300x291.jpg 300w, https:\/\/orl-chu-caen.fr\/wp-content\/uploads\/2018\/12\/schema_01_3-768x744.jpg 768w, https:\/\/orl-chu-caen.fr\/wp-content\/uploads\/2018\/12\/schema_01_3-1024x992.jpg 1024w\" sizes=\"(max-width: 1451px) 100vw, 1451px\" \/><\/a> <a href=\"https:\/\/orl-chu-caen.fr\/?attachment_id=2964\" rel=\"attachment wp-att-2964\"><img loading=\"lazy\" decoding=\"async\" class=\"aligncenter size-full wp-image-2964\" src=\"https:\/\/orl-chu-caen.fr\/wp-content\/uploads\/2018\/12\/schema_02_3-transcochleaire-endoscope.jpg\" alt=\"schema_02_3 transcochleaire endoscope\" width=\"1451\" height=\"1406\" srcset=\"https:\/\/orl-chu-caen.fr\/wp-content\/uploads\/2018\/12\/schema_02_3-transcochleaire-endoscope.jpg 1451w, https:\/\/orl-chu-caen.fr\/wp-content\/uploads\/2018\/12\/schema_02_3-transcochleaire-endoscope-300x291.jpg 300w, https:\/\/orl-chu-caen.fr\/wp-content\/uploads\/2018\/12\/schema_02_3-transcochleaire-endoscope-768x744.jpg 768w, https:\/\/orl-chu-caen.fr\/wp-content\/uploads\/2018\/12\/schema_02_3-transcochleaire-endoscope-1024x992.jpg 1024w\" sizes=\"(max-width: 1451px) 100vw, 1451px\" \/><\/a> <a href=\"https:\/\/orl-chu-caen.fr\/?attachment_id=2965\" rel=\"attachment wp-att-2965\"><img decoding=\"async\" class=\"aligncenter size-full wp-image-2965\" src=\"https:\/\/orl-chu-caen.fr\/wp-content\/uploads\/2018\/12\/schema_03.tif\" alt=\"schema_03\"><\/a><a href=\"https:\/\/orl-chu-caen.fr\/?attachment_id=2974\" rel=\"attachment wp-att-2974\"><img loading=\"lazy\" decoding=\"async\" class=\"aligncenter size-full wp-image-2974\" src=\"https:\/\/orl-chu-caen.fr\/wp-content\/uploads\/2018\/12\/Dessin-3.jpg\" alt=\"Dessin 3\" width=\"1500\" height=\"1740\" srcset=\"https:\/\/orl-chu-caen.fr\/wp-content\/uploads\/2018\/12\/Dessin-3.jpg 1500w, https:\/\/orl-chu-caen.fr\/wp-content\/uploads\/2018\/12\/Dessin-3-259x300.jpg 259w, https:\/\/orl-chu-caen.fr\/wp-content\/uploads\/2018\/12\/Dessin-3-768x891.jpg 768w, https:\/\/orl-chu-caen.fr\/wp-content\/uploads\/2018\/12\/Dessin-3-883x1024.jpg 883w\" sizes=\"(max-width: 1500px) 100vw, 1500px\" \/><\/a><\/p>\n","protected":false},"excerpt":{"rendered":"<p>Le service ORL du CHU de Caen \u00e9tait invit\u00e9 au congr\u00e8s national Otoforum pour parler de la chirurgie de l&rsquo;apex p\u00e9treux. Il s&rsquo;agit d&rsquo;une r\u00e9gion difficile d\u2019acc\u00e8s car situ\u00e9e en profondeur de la base du cr\u00e2ne et entour\u00e9e par l&rsquo;oreille interne, les nerfs de l&rsquo;audition et de l\u2019\u00e9quilibre, les nerfs de la sensibilit\u00e9 et de [&hellip;]<\/p>\n","protected":false},"author":1,"featured_media":2972,"comment_status":"closed","ping_status":"open","sticky":false,"template":"","format":"standard","meta":{"_et_pb_use_builder":"","_et_pb_old_content":"","_et_gb_content_width":"","ngg_post_thumbnail":0,"footnotes":""},"categories":[1],"tags":[19,21,18,12,14,16,22,13,20,17,15],"aioseo_notices":[],"_links":{"self":[{"href":"https:\/\/orl-chu-caen.fr\/index.php?rest_route=\/wp\/v2\/posts\/2961"}],"collection":[{"href":"https:\/\/orl-chu-caen.fr\/index.php?rest_route=\/wp\/v2\/posts"}],"about":[{"href":"https:\/\/orl-chu-caen.fr\/index.php?rest_route=\/wp\/v2\/types\/post"}],"author":[{"embeddable":true,"href":"https:\/\/orl-chu-caen.fr\/index.php?rest_route=\/wp\/v2\/users\/1"}],"replies":[{"embeddable":true,"href":"https:\/\/orl-chu-caen.fr\/index.php?rest_route=%2Fwp%2Fv2%2Fcomments&post=2961"}],"version-history":[{"count":4,"href":"https:\/\/orl-chu-caen.fr\/index.php?rest_route=\/wp\/v2\/posts\/2961\/revisions"}],"predecessor-version":[{"id":2976,"href":"https:\/\/orl-chu-caen.fr\/index.php?rest_route=\/wp\/v2\/posts\/2961\/revisions\/2976"}],"wp:featuredmedia":[{"embeddable":true,"href":"https:\/\/orl-chu-caen.fr\/index.php?rest_route=\/wp\/v2\/media\/2972"}],"wp:attachment":[{"href":"https:\/\/orl-chu-caen.fr\/index.php?rest_route=%2Fwp%2Fv2%2Fmedia&parent=2961"}],"wp:term":[{"taxonomy":"category","embeddable":true,"href":"https:\/\/orl-chu-caen.fr\/index.php?rest_route=%2Fwp%2Fv2%2Fcategories&post=2961"},{"taxonomy":"post_tag","embeddable":true,"href":"https:\/\/orl-chu-caen.fr\/index.php?rest_route=%2Fwp%2Fv2%2Ftags&post=2961"}],"curies":[{"name":"wp","href":"https:\/\/api.w.org\/{rel}","templated":true}]}}